{"id":454,"date":"2020-10-19T12:04:21","date_gmt":"2020-10-19T12:04:21","guid":{"rendered":"http:\/\/anitadurscher.ch\/wp\/?p=454"},"modified":"2020-10-19T12:04:22","modified_gmt":"2020-10-19T12:04:22","slug":"die-funktion-der-haende-in-der-biodynamischen-cst","status":"publish","type":"post","link":"http:\/\/anitadurscher.ch\/wp\/die-funktion-der-haende-in-der-biodynamischen-cst\/","title":{"rendered":"Die Funktion der H\u00e4nde in der biodynamischen CST"},"content":{"rendered":"\n<p> <em>Beim St\u00f6bern im Netz bin auch auf einen sch\u00f6nen Beitrag von Wolfang R\u00fchle gestossen, den ich gerne mit Ihnen teilen m\u00f6chte.<\/em> <\/p>\n\n\n\n<p>Die Art, wie wir unsere H\u00e4nde benutzen ist gesellschaftlich und kulturell gepr\u00e4gt. Die Worte \u201eHand\u201c und \u201eHandlung\u201c sind auch sprachlich aufs engste verkn\u00fcpft. Unsere H\u00e4nde sind vor allem da, um zu handeln. Unser Gehirn entwirft Handlungsideen und die setzen wir mit unseren H\u00e4nden um. Die Information flie\u00dft dabei vor allem vom Gehirn zu den H\u00e4nden.<br>Jemanden ber\u00fchren, therapeutisch oder freundschaftlich oder sexuell, wird immer zuerst mit \u201ehandeln\u201c assoziiert. So auch bei der Massage, in der Osteopathie und in der manuellen Therapie. Wobei in der Osteopathie und in der manuellen Therapie auch der Begriff des \u201ePalpierens\u201c, des Ertastens von Spannungen, Blockaden und L\u00e4sionen diagnostisch gro\u00dfe Bedeutung hat. Aber Palpieren ist auch zuerst ein Handeln, mit dem Unterschied, dass die Information, die von den H\u00e4nden zum Gehirn weitergeleitet wird die therapeutischen Handlungen bestimmt.<br>In der Welt der craniosacralen Biodynamik verh\u00e4lt es sich etwas anders. Unsere H\u00e4nde machen einen Kontakt und lauschen in der Stille auf das was sich zeigt, ohne diese Informationen in Handlung umzusetzen. Vielmehr verharren wir im Lauschen, lassen durch das Lauschen unserer H\u00e4nde den Kontakt mit dem Klienten immer tiefer werden ohne das Ergebnis in eine Manipulation umzusetzen.<br>Unsere H\u00e4nde sind ganz passiv, lauschen auf das, was man englisch als \u201emotion present\u201c bezeichnet, auf die wahrnehmbare Bewegung in diesem Augenblick. Neurologisch bedeutet das, dass wir vor allem die sensorischen Nerven benutzen, die von den H\u00e4nden zum Gehirn f\u00fchren und nicht die motorischen, die vom Gehirn zu den H\u00e4nden f\u00fchren. Der Prozess, der dadurch stattfindet ist ein v\u00f6llig anderer als in anderen Therapieformen. Es findet eine Ber\u00fchrung auf sehr tiefen Ebenen statt. Dabei kommt der Klient in einen Zustand tiefster Entspannung, in dem er sich selbst wahrnehmen kann als ein lebendiges Feld von Bewegungen.<br>Unsere H\u00e4nde k\u00f6nnen, wenn sie darauf geschult und trainiert sind, ultrafeine Bewegungen wahrnehmen, eine Ver\u00e4nderung in der Bewegungen an den Sch\u00e4deln\u00e4hten, in den Organen, in der tieferliegenden Muskulatur und vor allem in den Fl\u00fcssigkeiten des K\u00f6rpers \u2013 und schon allein diese Art der Wahrnehmung hat therapeutisch tiefe Wirkungen.<br>Diese Art der Therapie steht in Beziehung zum altchinesischen Prinzip des Wu Wei, was so viel bedeutet wie \u201eNicht-Handeln\u201c, \u201eNicht-Eingreifen\u201c, \u201eNicht-Tun\u201c. Die Idee ist, dass der Kontakt ohne Manipulation die \u00fcberindividuellen Kr\u00e4fte, die wir in der Cranio-Sprache als \u201eAtem des Lebens\u201c fassen, zur Wirkung kommen lassen und sich ein Raum \u00f6ffnet, in dem die dynamische Balance der Lebenskraft wieder wirken kann. \u201eNicht-Tun\u201c f\u00fchrt zum Ausgleich der Kr\u00e4fte und zur L\u00f6sung von Blockaden. Dabei muss man allerdings diese Idee des \u201eNicht-Tuns\u201c vom \u201eNichtstun\u201c unterscheiden. Nichtstun ist bewusstlos, Nicht-Tun beinhaltet Pr\u00e4senz und Gewahrsein ohne Handeln.<br>Dies funktioniert nat\u00fcrlich nur, wenn der Behandler selbst in der Lage ist in sich eine stille passive Pr\u00e4senz zu finden. Diese Stille kann nicht erzwungen werden, sie muss sich einstellen. Jim Jealous, einer der Therapeuten, die sich seit langer Zeit mit solchen Strategien des therapeutischen Kontakts besch\u00e4ftigen, sage in einem Vortrag dazu: \u201eManchmal f\u00fchlt es sich so an, als ob wir unsere schweren Handschuhe ausziehen m\u00fcssen, die wir seit Jahren tragen.\u201c Das ist die Aufgabe eines Therapeuten, der mit dieser Methode arbeiten m\u00f6chte: seine H\u00e4nde von ihren antrainierten Bewegungsmuster zu l\u00f6sen und zu Sensoren des Lauschens werden zu lassen.<br>Und dann bleibt noch zu sagen, dass man mit diese Methode nicht von Anfang an mit jedem Patienten arbeiten kann. Dazu braucht es eine innere Bereitschaft, die manchmal erst erarbeitet werden muss. <\/p>\n","protected":false},"excerpt":{"rendered":"<p>Beim St\u00f6bern im Netz bin auch auf einen sch\u00f6nen Beitrag von Wolfang R\u00fchle gestossen, den ich gerne mit Ihnen teilen m\u00f6chte. Die Art, wie wir unsere H\u00e4nde benutzen ist gesellschaftlich und kulturell gepr\u00e4gt. Die Worte \u201eHand\u201c und \u201eHandlung\u201c sind auch sprachlich aufs engste verkn\u00fcpft. Unsere H\u00e4nde sind vor allem da, um zu handeln. Unser Gehirn &hellip; <\/p>\n<p class=\"link-more\"><a href=\"http:\/\/anitadurscher.ch\/wp\/die-funktion-der-haende-in-der-biodynamischen-cst\/\" class=\"more-link\"><span class=\"screen-reader-text\">\u201eDie Funktion der H\u00e4nde in der biodynamischen CST\u201c<\/span> weiterlesen<\/a><\/p>\n","protected":false},"author":1,"featured_media":0,"comment_status":"closed","ping_status":"open","sticky":false,"template":"","format":"standard","meta":{"footnotes":""},"categories":[1],"tags":[],"class_list":["post-454","post","type-post","status-publish","format-standard","hentry","category-uncategorized"],"yoast_head":"<!-- This site is optimized with the Yoast SEO plugin v28.2 - https:\/\/yoast.com\/product\/yoast-seo-wordpress\/ -->\n<title>Die Funktion der H\u00e4nde in der biodynamischen CST &#8212; CranioSacral Therapie Anita Durscher<\/title>\n<meta name=\"robots\" content=\"index, follow, max-snippet:-1, max-image-preview:large, max-video-preview:-1\" \/>\n<link rel=\"canonical\" href=\"http:\/\/anitadurscher.ch\/wp\/die-funktion-der-haende-in-der-biodynamischen-cst\/\" \/>\n<meta property=\"og:locale\" content=\"de_DE\" \/>\n<meta property=\"og:type\" content=\"article\" \/>\n<meta property=\"og:title\" content=\"Die Funktion der H\u00e4nde in der biodynamischen CST &#8212; CranioSacral Therapie Anita Durscher\" \/>\n<meta property=\"og:description\" content=\"Beim St\u00f6bern im Netz bin auch auf einen sch\u00f6nen Beitrag von Wolfang R\u00fchle gestossen, den ich gerne mit Ihnen teilen m\u00f6chte. Die Art, wie wir unsere H\u00e4nde benutzen ist gesellschaftlich und kulturell gepr\u00e4gt. Die Worte \u201eHand\u201c und \u201eHandlung\u201c sind auch sprachlich aufs engste verkn\u00fcpft. Unsere H\u00e4nde sind vor allem da, um zu handeln. Unser Gehirn &hellip; \u201eDie Funktion der H\u00e4nde in der biodynamischen CST\u201c weiterlesen\" \/>\n<meta property=\"og:url\" content=\"http:\/\/anitadurscher.ch\/wp\/die-funktion-der-haende-in-der-biodynamischen-cst\/\" \/>\n<meta property=\"og:site_name\" content=\"CranioSacral Therapie Anita Durscher\" \/>\n<meta property=\"article:publisher\" content=\"https:\/\/www.facebook.com\/CranioSacral-Therapie-Anita-Durscher-570611026453849\/\" \/>\n<meta property=\"article:author\" content=\"https:\/\/www.facebook.com\/CranioSacral-Therapie-Anita-Durscher-570611026453849\/\" \/>\n<meta property=\"article:published_time\" content=\"2020-10-19T12:04:21+00:00\" \/>\n<meta property=\"article:modified_time\" content=\"2020-10-19T12:04:22+00:00\" \/>\n<meta name=\"author\" content=\"anitadurscher.ch\" \/>\n<meta name=\"twitter:card\" content=\"summary_large_image\" \/>\n<meta name=\"twitter:label1\" content=\"Verfasst von\" \/>\n\t<meta name=\"twitter:data1\" content=\"anitadurscher.ch\" \/>\n\t<meta name=\"twitter:label2\" content=\"Gesch\u00e4tzte Lesezeit\" \/>\n\t<meta name=\"twitter:data2\" content=\"3\u00a0Minuten\" \/>\n<script type=\"application\/ld+json\" class=\"yoast-schema-graph\">{\"@context\":\"https:\\\/\\\/schema.org\",\"@graph\":[{\"@type\":\"Article\",\"@id\":\"http:\\\/\\\/anitadurscher.ch\\\/wp\\\/die-funktion-der-haende-in-der-biodynamischen-cst\\\/#article\",\"isPartOf\":{\"@id\":\"http:\\\/\\\/anitadurscher.ch\\\/wp\\\/die-funktion-der-haende-in-der-biodynamischen-cst\\\/\"},\"author\":{\"name\":\"anitadurscher.ch\",\"@id\":\"http:\\\/\\\/anitadurscher.ch\\\/wp\\\/#\\\/schema\\\/person\\\/f7fc35452ed802c5121e41ada88acba6\"},\"headline\":\"Die Funktion der H\u00e4nde in der biodynamischen CST\",\"datePublished\":\"2020-10-19T12:04:21+00:00\",\"dateModified\":\"2020-10-19T12:04:22+00:00\",\"mainEntityOfPage\":{\"@id\":\"http:\\\/\\\/anitadurscher.ch\\\/wp\\\/die-funktion-der-haende-in-der-biodynamischen-cst\\\/\"},\"wordCount\":630,\"publisher\":{\"@id\":\"http:\\\/\\\/anitadurscher.ch\\\/wp\\\/#organization\"},\"articleSection\":[\"Uncategorized\"],\"inLanguage\":\"de\"},{\"@type\":\"WebPage\",\"@id\":\"http:\\\/\\\/anitadurscher.ch\\\/wp\\\/die-funktion-der-haende-in-der-biodynamischen-cst\\\/\",\"url\":\"http:\\\/\\\/anitadurscher.ch\\\/wp\\\/die-funktion-der-haende-in-der-biodynamischen-cst\\\/\",\"name\":\"Die Funktion der H\u00e4nde in der biodynamischen CST &#8212; CranioSacral Therapie Anita Durscher\",\"isPartOf\":{\"@id\":\"http:\\\/\\\/anitadurscher.ch\\\/wp\\\/#website\"},\"datePublished\":\"2020-10-19T12:04:21+00:00\",\"dateModified\":\"2020-10-19T12:04:22+00:00\",\"breadcrumb\":{\"@id\":\"http:\\\/\\\/anitadurscher.ch\\\/wp\\\/die-funktion-der-haende-in-der-biodynamischen-cst\\\/#breadcrumb\"},\"inLanguage\":\"de\",\"potentialAction\":[{\"@type\":\"ReadAction\",\"target\":[\"http:\\\/\\\/anitadurscher.ch\\\/wp\\\/die-funktion-der-haende-in-der-biodynamischen-cst\\\/\"]}]},{\"@type\":\"BreadcrumbList\",\"@id\":\"http:\\\/\\\/anitadurscher.ch\\\/wp\\\/die-funktion-der-haende-in-der-biodynamischen-cst\\\/#breadcrumb\",\"itemListElement\":[{\"@type\":\"ListItem\",\"position\":1,\"name\":\"Startseite\",\"item\":\"http:\\\/\\\/anitadurscher.ch\\\/wp\\\/\"},{\"@type\":\"ListItem\",\"position\":2,\"name\":\"Die Funktion der H\u00e4nde in der biodynamischen CST\"}]},{\"@type\":\"WebSite\",\"@id\":\"http:\\\/\\\/anitadurscher.ch\\\/wp\\\/#website\",\"url\":\"http:\\\/\\\/anitadurscher.ch\\\/wp\\\/\",\"name\":\"CranioSacral Therapie Anita Durscher\",\"description\":\"Ich bin Anita Durscher im Raum Basel geboren und aufgewachen und arbeite in Basel als Cranio Sacral Therapeutin in eigener Praxis. Ich arbeite ganzheitlich orientiert und verbinde die CranioSacral Therapie mit Elementen aus dem Geistigen Heilen sowie dem Pranic Healing. Die Selbstheilungskr\u00e4fte werden aktiviert und Gesundheit auf allen Ebenen gef\u00f6rdert\",\"publisher\":{\"@id\":\"http:\\\/\\\/anitadurscher.ch\\\/wp\\\/#organization\"},\"potentialAction\":[{\"@type\":\"SearchAction\",\"target\":{\"@type\":\"EntryPoint\",\"urlTemplate\":\"http:\\\/\\\/anitadurscher.ch\\\/wp\\\/?s={search_term_string}\"},\"query-input\":{\"@type\":\"PropertyValueSpecification\",\"valueRequired\":true,\"valueName\":\"search_term_string\"}}],\"inLanguage\":\"de\"},{\"@type\":\"Organization\",\"@id\":\"http:\\\/\\\/anitadurscher.ch\\\/wp\\\/#organization\",\"name\":\"CranioSacral Therapie Anita Durscher\",\"url\":\"http:\\\/\\\/anitadurscher.ch\\\/wp\\\/\",\"logo\":{\"@type\":\"ImageObject\",\"inLanguage\":\"de\",\"@id\":\"http:\\\/\\\/anitadurscher.ch\\\/wp\\\/#\\\/schema\\\/logo\\\/image\\\/\",\"url\":\"http:\\\/\\\/anitadurscher.ch\\\/wp\\\/wp-content\\\/uploads\\\/2017\\\/12\\\/flower-870557_1920.jpg\",\"contentUrl\":\"http:\\\/\\\/anitadurscher.ch\\\/wp\\\/wp-content\\\/uploads\\\/2017\\\/12\\\/flower-870557_1920.jpg\",\"width\":1920,\"height\":1271,\"caption\":\"CranioSacral Therapie Anita Durscher\"},\"image\":{\"@id\":\"http:\\\/\\\/anitadurscher.ch\\\/wp\\\/#\\\/schema\\\/logo\\\/image\\\/\"},\"sameAs\":[\"https:\\\/\\\/www.facebook.com\\\/CranioSacral-Therapie-Anita-Durscher-570611026453849\\\/\",\"https:\\\/\\\/ch.linkedin.com\\\/in\\\/anita-durscher-5694518\"]},{\"@type\":\"Person\",\"@id\":\"http:\\\/\\\/anitadurscher.ch\\\/wp\\\/#\\\/schema\\\/person\\\/f7fc35452ed802c5121e41ada88acba6\",\"name\":\"anitadurscher.ch\",\"image\":{\"@type\":\"ImageObject\",\"inLanguage\":\"de\",\"@id\":\"https:\\\/\\\/secure.gravatar.com\\\/avatar\\\/1cd1c1296e41bd782ff4ec01632460c34b0ad76c7c57b8bc531291a09028c131?s=96&d=mm&r=g\",\"url\":\"https:\\\/\\\/secure.gravatar.com\\\/avatar\\\/1cd1c1296e41bd782ff4ec01632460c34b0ad76c7c57b8bc531291a09028c131?s=96&d=mm&r=g\",\"contentUrl\":\"https:\\\/\\\/secure.gravatar.com\\\/avatar\\\/1cd1c1296e41bd782ff4ec01632460c34b0ad76c7c57b8bc531291a09028c131?s=96&d=mm&r=g\",\"caption\":\"anitadurscher.ch\"},\"sameAs\":[\"http:\\\/\\\/www.anitadurscher.ch\",\"https:\\\/\\\/www.facebook.com\\\/CranioSacral-Therapie-Anita-Durscher-570611026453849\\\/\"]}]}<\/script>\n<!-- \/ Yoast SEO plugin. -->","yoast_head_json":{"title":"Die Funktion der H\u00e4nde in der biodynamischen CST &#8212; CranioSacral Therapie Anita Durscher","robots":{"index":"index","follow":"follow","max-snippet":"max-snippet:-1","max-image-preview":"max-image-preview:large","max-video-preview":"max-video-preview:-1"},"canonical":"http:\/\/anitadurscher.ch\/wp\/die-funktion-der-haende-in-der-biodynamischen-cst\/","og_locale":"de_DE","og_type":"article","og_title":"Die Funktion der H\u00e4nde in der biodynamischen CST &#8212; CranioSacral Therapie Anita Durscher","og_description":"Beim St\u00f6bern im Netz bin auch auf einen sch\u00f6nen Beitrag von Wolfang R\u00fchle gestossen, den ich gerne mit Ihnen teilen m\u00f6chte. Die Art, wie wir unsere H\u00e4nde benutzen ist gesellschaftlich und kulturell gepr\u00e4gt. Die Worte \u201eHand\u201c und \u201eHandlung\u201c sind auch sprachlich aufs engste verkn\u00fcpft. Unsere H\u00e4nde sind vor allem da, um zu handeln. Unser Gehirn &hellip; \u201eDie Funktion der H\u00e4nde in der biodynamischen CST\u201c weiterlesen","og_url":"http:\/\/anitadurscher.ch\/wp\/die-funktion-der-haende-in-der-biodynamischen-cst\/","og_site_name":"CranioSacral Therapie Anita Durscher","article_publisher":"https:\/\/www.facebook.com\/CranioSacral-Therapie-Anita-Durscher-570611026453849\/","article_author":"https:\/\/www.facebook.com\/CranioSacral-Therapie-Anita-Durscher-570611026453849\/","article_published_time":"2020-10-19T12:04:21+00:00","article_modified_time":"2020-10-19T12:04:22+00:00","author":"anitadurscher.ch","twitter_card":"summary_large_image","twitter_misc":{"Verfasst von":"anitadurscher.ch","Gesch\u00e4tzte Lesezeit":"3\u00a0Minuten"},"schema":{"@context":"https:\/\/schema.org","@graph":[{"@type":"Article","@id":"http:\/\/anitadurscher.ch\/wp\/die-funktion-der-haende-in-der-biodynamischen-cst\/#article","isPartOf":{"@id":"http:\/\/anitadurscher.ch\/wp\/die-funktion-der-haende-in-der-biodynamischen-cst\/"},"author":{"name":"anitadurscher.ch","@id":"http:\/\/anitadurscher.ch\/wp\/#\/schema\/person\/f7fc35452ed802c5121e41ada88acba6"},"headline":"Die Funktion der H\u00e4nde in der biodynamischen CST","datePublished":"2020-10-19T12:04:21+00:00","dateModified":"2020-10-19T12:04:22+00:00","mainEntityOfPage":{"@id":"http:\/\/anitadurscher.ch\/wp\/die-funktion-der-haende-in-der-biodynamischen-cst\/"},"wordCount":630,"publisher":{"@id":"http:\/\/anitadurscher.ch\/wp\/#organization"},"articleSection":["Uncategorized"],"inLanguage":"de"},{"@type":"WebPage","@id":"http:\/\/anitadurscher.ch\/wp\/die-funktion-der-haende-in-der-biodynamischen-cst\/","url":"http:\/\/anitadurscher.ch\/wp\/die-funktion-der-haende-in-der-biodynamischen-cst\/","name":"Die Funktion der H\u00e4nde in der biodynamischen CST &#8212; CranioSacral Therapie Anita Durscher","isPartOf":{"@id":"http:\/\/anitadurscher.ch\/wp\/#website"},"datePublished":"2020-10-19T12:04:21+00:00","dateModified":"2020-10-19T12:04:22+00:00","breadcrumb":{"@id":"http:\/\/anitadurscher.ch\/wp\/die-funktion-der-haende-in-der-biodynamischen-cst\/#breadcrumb"},"inLanguage":"de","potentialAction":[{"@type":"ReadAction","target":["http:\/\/anitadurscher.ch\/wp\/die-funktion-der-haende-in-der-biodynamischen-cst\/"]}]},{"@type":"BreadcrumbList","@id":"http:\/\/anitadurscher.ch\/wp\/die-funktion-der-haende-in-der-biodynamischen-cst\/#breadcrumb","itemListElement":[{"@type":"ListItem","position":1,"name":"Startseite","item":"http:\/\/anitadurscher.ch\/wp\/"},{"@type":"ListItem","position":2,"name":"Die Funktion der H\u00e4nde in der biodynamischen CST"}]},{"@type":"WebSite","@id":"http:\/\/anitadurscher.ch\/wp\/#website","url":"http:\/\/anitadurscher.ch\/wp\/","name":"CranioSacral Therapie Anita Durscher","description":"Ich bin Anita Durscher im Raum Basel geboren und aufgewachen und arbeite in Basel als Cranio Sacral Therapeutin in eigener Praxis. Ich arbeite ganzheitlich orientiert und verbinde die CranioSacral Therapie mit Elementen aus dem Geistigen Heilen sowie dem Pranic Healing. Die Selbstheilungskr\u00e4fte werden aktiviert und Gesundheit auf allen Ebenen gef\u00f6rdert","publisher":{"@id":"http:\/\/anitadurscher.ch\/wp\/#organization"},"potentialAction":[{"@type":"SearchAction","target":{"@type":"EntryPoint","urlTemplate":"http:\/\/anitadurscher.ch\/wp\/?s={search_term_string}"},"query-input":{"@type":"PropertyValueSpecification","valueRequired":true,"valueName":"search_term_string"}}],"inLanguage":"de"},{"@type":"Organization","@id":"http:\/\/anitadurscher.ch\/wp\/#organization","name":"CranioSacral Therapie Anita Durscher","url":"http:\/\/anitadurscher.ch\/wp\/","logo":{"@type":"ImageObject","inLanguage":"de","@id":"http:\/\/anitadurscher.ch\/wp\/#\/schema\/logo\/image\/","url":"http:\/\/anitadurscher.ch\/wp\/wp-content\/uploads\/2017\/12\/flower-870557_1920.jpg","contentUrl":"http:\/\/anitadurscher.ch\/wp\/wp-content\/uploads\/2017\/12\/flower-870557_1920.jpg","width":1920,"height":1271,"caption":"CranioSacral Therapie Anita Durscher"},"image":{"@id":"http:\/\/anitadurscher.ch\/wp\/#\/schema\/logo\/image\/"},"sameAs":["https:\/\/www.facebook.com\/CranioSacral-Therapie-Anita-Durscher-570611026453849\/","https:\/\/ch.linkedin.com\/in\/anita-durscher-5694518"]},{"@type":"Person","@id":"http:\/\/anitadurscher.ch\/wp\/#\/schema\/person\/f7fc35452ed802c5121e41ada88acba6","name":"anitadurscher.ch","image":{"@type":"ImageObject","inLanguage":"de","@id":"https:\/\/secure.gravatar.com\/avatar\/1cd1c1296e41bd782ff4ec01632460c34b0ad76c7c57b8bc531291a09028c131?s=96&d=mm&r=g","url":"https:\/\/secure.gravatar.com\/avatar\/1cd1c1296e41bd782ff4ec01632460c34b0ad76c7c57b8bc531291a09028c131?s=96&d=mm&r=g","contentUrl":"https:\/\/secure.gravatar.com\/avatar\/1cd1c1296e41bd782ff4ec01632460c34b0ad76c7c57b8bc531291a09028c131?s=96&d=mm&r=g","caption":"anitadurscher.ch"},"sameAs":["http:\/\/www.anitadurscher.ch","https:\/\/www.facebook.com\/CranioSacral-Therapie-Anita-Durscher-570611026453849\/"]}]}},"_links":{"self":[{"href":"http:\/\/anitadurscher.ch\/wp\/wp-json\/wp\/v2\/posts\/454","targetHints":{"allow":["GET"]}}],"collection":[{"href":"http:\/\/anitadurscher.ch\/wp\/wp-json\/wp\/v2\/posts"}],"about":[{"href":"http:\/\/anitadurscher.ch\/wp\/wp-json\/wp\/v2\/types\/post"}],"author":[{"embeddable":true,"href":"http:\/\/anitadurscher.ch\/wp\/wp-json\/wp\/v2\/users\/1"}],"replies":[{"embeddable":true,"href":"http:\/\/anitadurscher.ch\/wp\/wp-json\/wp\/v2\/comments?post=454"}],"version-history":[{"count":1,"href":"http:\/\/anitadurscher.ch\/wp\/wp-json\/wp\/v2\/posts\/454\/revisions"}],"predecessor-version":[{"id":455,"href":"http:\/\/anitadurscher.ch\/wp\/wp-json\/wp\/v2\/posts\/454\/revisions\/455"}],"wp:attachment":[{"href":"http:\/\/anitadurscher.ch\/wp\/wp-json\/wp\/v2\/media?parent=454"}],"wp:term":[{"taxonomy":"category","embeddable":true,"href":"http:\/\/anitadurscher.ch\/wp\/wp-json\/wp\/v2\/categories?post=454"},{"taxonomy":"post_tag","embeddable":true,"href":"http:\/\/anitadurscher.ch\/wp\/wp-json\/wp\/v2\/tags?post=454"}],"curies":[{"name":"wp","href":"https:\/\/api.w.org\/{rel}","templated":true}]}}